{"id":305,"date":"2023-07-06T16:37:11","date_gmt":"2023-07-06T14:37:11","guid":{"rendered":"https:\/\/frauenzentrum-gf.org\/?p=305"},"modified":"2023-07-06T19:03:21","modified_gmt":"2023-07-06T17:03:21","slug":"frauenfruehstueck-06-juli-2023","status":"publish","type":"post","link":"https:\/\/frauenzentrum-gf.de\/index.php\/2023\/07\/06\/frauenfruehstueck-06-juli-2023\/","title":{"rendered":"Frauenfr\u00fchst\u00fcck 06. Juli 2023"},"content":{"rendered":"\n<div class=\"wp-block-columns is-layout-flex wp-container-core-columns-is-layout-9d6595d7 wp-block-columns-is-layout-flex\">\n<div class=\"wp-block-column is-layout-flow wp-block-column-is-layout-flow\" style=\"flex-basis:44.45%\">\n<p>Alle zwei Monate, findet das Frauenfr\u00fchst\u00fcck durch Anne Jonas statt. Ab 9 Uhr startet das Fr\u00fchst\u00fcck mit Br\u00f6tchen, Kaffee, Tee und den mitgebrachten Bel\u00e4gen, Aufstrichen und Leckereien bis etwa 10 Uhr. Denn ab dann geben eingeladene Referentinnen einen Einblick in ihre wertvollen T\u00e4tigkeiten. <br>Heute durften wir uns \u00fcber <strong><em>Petra L\u00fchrs<\/em> <\/strong>und <em><strong>Rosemarie Camehl<\/strong><\/em> freuen. Die beiden Vorstandsfrauen des <em><strong>Kreisverband der Landfrauenvereine Gifhorn<\/strong><\/em>, setzten sich und den Verband mit viel Humor in Szene. <br>Wir freuen uns bereits jetzt auf ein Wiedersehen. <\/p>\n\n\n\n<p>Ebenfalls vielen Dank an das tolle Team f\u00fcr die Vor- und Nachbereitung der R\u00e4umlichkeiten f\u00fcr das Fr\u00fchst\u00fcck, f\u00fcr sage und schreibe <em>29 Frauen<\/em>!<\/p>\n\n\n\n<p>Das n\u00e4chste Fr\u00fchst\u00fcck findet am <strong>14. September<\/strong> statt. Wir freuen und schon sehr auf unsere <strong><em>Referentin<\/em> <em>Verena Maibaum<\/em><\/strong>, <strong><em>Gleichstellungsbeauftragte<\/em><\/strong> in Gifhorn. <br><br>Bitte vergesst nicht euch anzumelden, weitere Infos findet in unserem <a rel=\"noreferrer noopener\" href=\"https:\/\/frauenzentrum-gf.org\/index.php\/veranstaltungen\/\" target=\"_blank\">Veranstaltungskalender<\/a>.<\/p>\n<\/div>\n\n\n\n<div class=\"wp-block-column is-layout-flow wp-block-column-is-layout-flow\" style=\"flex-basis:22.22%\">\n<figure class=\"wp-block-image size-large is-resized\"><img loading=\"lazy\" decoding=\"async\" src=\"https:\/\/frauenzentrum-gf.org\/wp-content\/uploads\/2023\/07\/54c7a209-6d5f-4a9f-9ede-82dba8df1fbd-711x1024.jpeg\" alt=\"\" class=\"wp-image-306\" width=\"269\" height=\"387\" srcset=\"https:\/\/frauenzentrum-gf.de\/wp-content\/uploads\/2023\/07\/54c7a209-6d5f-4a9f-9ede-82dba8df1fbd-711x1024.jpeg 711w, https:\/\/frauenzentrum-gf.de\/wp-content\/uploads\/2023\/07\/54c7a209-6d5f-4a9f-9ede-82dba8df1fbd-208x300.jpeg 208w, https:\/\/frauenzentrum-gf.de\/wp-content\/uploads\/2023\/07\/54c7a209-6d5f-4a9f-9ede-82dba8df1fbd-768x1106.jpeg 768w, https:\/\/frauenzentrum-gf.de\/wp-content\/uploads\/2023\/07\/54c7a209-6d5f-4a9f-9ede-82dba8df1fbd-1067x1536.jpeg 1067w, https:\/\/frauenzentrum-gf.de\/wp-content\/uploads\/2023\/07\/54c7a209-6d5f-4a9f-9ede-82dba8df1fbd.jpeg 1111w\" sizes=\"auto, (max-width: 269px) 100vw, 269px\" \/><\/figure>\n\n\n\n<p style=\"font-size:12px\">v.l.n.r. Anne Jonas, Petra L\u00fchrs, Rosemarie Camehl<\/p>\n<\/div>\n\n\n\n<div class=\"wp-block-column is-layout-flow wp-block-column-is-layout-flow\" style=\"flex-basis:33.33%\">\n<figure class=\"wp-block-image size-large is-resized\"><img loading=\"lazy\" decoding=\"async\" src=\"https:\/\/frauenzentrum-gf.org\/wp-content\/uploads\/2023\/07\/b47198fd-8feb-4d64-92c4-e6145de2d841-2-727x1024.jpeg\" alt=\"\" class=\"wp-image-310\" width=\"254\" height=\"387\"\/><\/figure>\n\n\n\n<p style=\"font-size:12px\">Das Fr\u00fchst\u00fccks-Team v.l.n.r. Anne Jonas,<br>Margarete Bruns-Warnecke, Bettina Hentschl,<br>Karin Wohlers<\/p>\n<\/div>\n<\/div>\n\n\n\n<p><\/p>\n","protected":false},"excerpt":{"rendered":"<p>Alle zwei Monate, findet das Frauenfr\u00fchst\u00fcck durch Anne Jonas statt. Ab 9 Uhr startet das Fr\u00fchst\u00fcck mit Br\u00f6tchen, Kaffee, Tee und den mitgebrachten Bel\u00e4gen, Aufstrichen und Leckereien bis etwa 10 Uhr. Denn ab dann geben eingeladene Referentinnen einen Einblick in ihre wertvollen T\u00e4tigkeiten. Heute durften wir uns \u00fcber Petra L\u00fchrs und Rosemarie Camehl freuen. Die<\/p>\n<p class=\"more-link\"><a href=\"https:\/\/frauenzentrum-gf.de\/index.php\/2023\/07\/06\/frauenfruehstueck-06-juli-2023\/\" class=\"themebutton2\">Read More<\/a><\/p>\n","protected":false},"author":1,"featured_media":306,"comment_status":"closed","ping_status":"open","sticky":false,"template":"","format":"standard","meta":{"footnotes":""},"categories":[1],"tags":[],"class_list":["post-305","post","type-post","status-publish","format-standard","has-post-thumbnail","hentry","category-allgemein"],"_links":{"self":[{"href":"https:\/\/frauenzentrum-gf.de\/index.php\/wp-json\/wp\/v2\/posts\/305","targetHints":{"allow":["GET"]}}],"collection":[{"href":"https:\/\/frauenzentrum-gf.de\/index.php\/wp-json\/wp\/v2\/posts"}],"about":[{"href":"https:\/\/frauenzentrum-gf.de\/index.php\/wp-json\/wp\/v2\/types\/post"}],"author":[{"embeddable":true,"href":"https:\/\/frauenzentrum-gf.de\/index.php\/wp-json\/wp\/v2\/users\/1"}],"replies":[{"embeddable":true,"href":"https:\/\/frauenzentrum-gf.de\/index.php\/wp-json\/wp\/v2\/comments?post=305"}],"version-history":[{"count":14,"href":"https:\/\/frauenzentrum-gf.de\/index.php\/wp-json\/wp\/v2\/posts\/305\/revisions"}],"predecessor-version":[{"id":323,"href":"https:\/\/frauenzentrum-gf.de\/index.php\/wp-json\/wp\/v2\/posts\/305\/revisions\/323"}],"wp:featuredmedia":[{"embeddable":true,"href":"https:\/\/frauenzentrum-gf.de\/index.php\/wp-json\/wp\/v2\/media\/306"}],"wp:attachment":[{"href":"https:\/\/frauenzentrum-gf.de\/index.php\/wp-json\/wp\/v2\/media?parent=305"}],"wp:term":[{"taxonomy":"category","embeddable":true,"href":"https:\/\/frauenzentrum-gf.de\/index.php\/wp-json\/wp\/v2\/categories?post=305"},{"taxonomy":"post_tag","embeddable":true,"href":"https:\/\/frauenzentrum-gf.de\/index.php\/wp-json\/wp\/v2\/tags?post=305"}],"curies":[{"name":"wp","href":"https:\/\/api.w.org\/{rel}","templated":true}]}}