{"id":424,"date":"2023-10-12T22:46:56","date_gmt":"2023-10-12T20:46:56","guid":{"rendered":"https:\/\/frauenzentrum-gf.de\/?p=424"},"modified":"2023-10-12T22:47:26","modified_gmt":"2023-10-12T20:47:26","slug":"frauenfruehstueck-14-september-2023","status":"publish","type":"post","link":"https:\/\/frauenzentrum-gf.de\/index.php\/2023\/10\/12\/frauenfruehstueck-14-september-2023\/","title":{"rendered":"Frauenfr\u00fchst\u00fcck 14. September 2023"},"content":{"rendered":"\n<div class=\"wp-block-columns is-layout-flex wp-container-core-columns-is-layout-9d6595d7 wp-block-columns-is-layout-flex\">\n<div class=\"wp-block-column is-layout-flow wp-block-column-is-layout-flow\" style=\"flex-basis:66.66%\">\n<p class=\"has-medium-font-size\">Das Frauenfr\u00fchst\u00fcck am&nbsp;<strong>14. September<\/strong>&nbsp;war wieder einmal sehr gut besucht mit 27 Frauen. Diesmal waren<strong>&nbsp;<em>Verena Maibaum<\/em><\/strong>&nbsp;(Gleichstellungsbeauftragte Gifhorn) und <strong><em>Rukiye Cankiran<\/em><\/strong> (Gleichstellungsbeauftragte Papenteich) als Referentinnen zu Besuch.<\/p>\n\n\n\n<p class=\"has-medium-font-size\">Sehr informativ berichteten die beiden \u00fcber Ihre Arbeit und wie sich Frau Maibaum und Frau Cankiran gegenseitig unterst\u00fctzen, um bestm\u00f6gliche Ergebnisse f\u00fcr unsere Region zu erzielen.<\/p>\n\n\n\n<p class=\"has-medium-font-size\">Das n\u00e4chste Fr\u00fchst\u00fcck findet am&nbsp;<strong>02. November<\/strong>&nbsp;statt. Wir freuen und schon sehr auf unsere&nbsp;<strong><em>Referentin<\/em>&nbsp;<em>Liane J\u00e4ger<\/em><\/strong>,&nbsp; Gifhorn.<\/p>\n<\/div>\n\n\n\n<div class=\"wp-block-column is-layout-flow wp-block-column-is-layout-flow\" style=\"flex-basis:33.33%\">\n<figure class=\"wp-block-image size-large\"><img loading=\"lazy\" decoding=\"async\" width=\"689\" height=\"1024\" src=\"https:\/\/frauenzentrum-gf.de\/wp-content\/uploads\/2023\/10\/b9e9bcec-8391-49fa-bb92-37bd7625fda3-689x1024.jpeg\" alt=\"\" class=\"wp-image-426\" srcset=\"https:\/\/frauenzentrum-gf.de\/wp-content\/uploads\/2023\/10\/b9e9bcec-8391-49fa-bb92-37bd7625fda3-689x1024.jpeg 689w, https:\/\/frauenzentrum-gf.de\/wp-content\/uploads\/2023\/10\/b9e9bcec-8391-49fa-bb92-37bd7625fda3-202x300.jpeg 202w, https:\/\/frauenzentrum-gf.de\/wp-content\/uploads\/2023\/10\/b9e9bcec-8391-49fa-bb92-37bd7625fda3-768x1142.jpeg 768w, https:\/\/frauenzentrum-gf.de\/wp-content\/uploads\/2023\/10\/b9e9bcec-8391-49fa-bb92-37bd7625fda3-1033x1536.jpeg 1033w, https:\/\/frauenzentrum-gf.de\/wp-content\/uploads\/2023\/10\/b9e9bcec-8391-49fa-bb92-37bd7625fda3.jpeg 1076w\" sizes=\"auto, (max-width: 689px) 100vw, 689px\" \/><\/figure>\n\n\n\n<p class=\"has-small-font-size\">v.l.n.r. <em>Verena Maibaum<\/em>, <em>Anne Jonas<\/em>, Rukiye Cankiran<\/p>\n<\/div>\n<\/div>\n","protected":false},"excerpt":{"rendered":"<p>Das Frauenfr\u00fchst\u00fcck am&nbsp;14. September&nbsp;war wieder einmal sehr gut besucht mit 27 Frauen. Diesmal waren&nbsp;Verena Maibaum&nbsp;(Gleichstellungsbeauftragte Gifhorn) und Rukiye Cankiran (Gleichstellungsbeauftragte Papenteich) als Referentinnen zu Besuch. Sehr informativ berichteten die beiden \u00fcber Ihre Arbeit und wie sich Frau Maibaum und Frau Cankiran gegenseitig unterst\u00fctzen, um bestm\u00f6gliche Ergebnisse f\u00fcr unsere Region zu erzielen. Das n\u00e4chste Fr\u00fchst\u00fcck findet<\/p>\n<p class=\"more-link\"><a href=\"https:\/\/frauenzentrum-gf.de\/index.php\/2023\/10\/12\/frauenfruehstueck-14-september-2023\/\" class=\"themebutton2\">Read More<\/a><\/p>\n","protected":false},"author":1,"featured_media":0,"comment_status":"open","ping_status":"open","sticky":false,"template":"","format":"standard","meta":{"footnotes":""},"categories":[1],"tags":[],"class_list":["post-424","post","type-post","status-publish","format-standard","hentry","category-allgemein"],"_links":{"self":[{"href":"https:\/\/frauenzentrum-gf.de\/index.php\/wp-json\/wp\/v2\/posts\/424","targetHints":{"allow":["GET"]}}],"collection":[{"href":"https:\/\/frauenzentrum-gf.de\/index.php\/wp-json\/wp\/v2\/posts"}],"about":[{"href":"https:\/\/frauenzentrum-gf.de\/index.php\/wp-json\/wp\/v2\/types\/post"}],"author":[{"embeddable":true,"href":"https:\/\/frauenzentrum-gf.de\/index.php\/wp-json\/wp\/v2\/users\/1"}],"replies":[{"embeddable":true,"href":"https:\/\/frauenzentrum-gf.de\/index.php\/wp-json\/wp\/v2\/comments?post=424"}],"version-history":[{"count":7,"href":"https:\/\/frauenzentrum-gf.de\/index.php\/wp-json\/wp\/v2\/posts\/424\/revisions"}],"predecessor-version":[{"id":479,"href":"https:\/\/frauenzentrum-gf.de\/index.php\/wp-json\/wp\/v2\/posts\/424\/revisions\/479"}],"wp:attachment":[{"href":"https:\/\/frauenzentrum-gf.de\/index.php\/wp-json\/wp\/v2\/media?parent=424"}],"wp:term":[{"taxonomy":"category","embeddable":true,"href":"https:\/\/frauenzentrum-gf.de\/index.php\/wp-json\/wp\/v2\/categories?post=424"},{"taxonomy":"post_tag","embeddable":true,"href":"https:\/\/frauenzentrum-gf.de\/index.php\/wp-json\/wp\/v2\/tags?post=424"}],"curies":[{"name":"wp","href":"https:\/\/api.w.org\/{rel}","templated":true}]}}